{"id":133,"date":"2015-10-27T19:19:57","date_gmt":"2015-10-27T18:19:57","guid":{"rendered":"http:\/\/fibernowogrod.esy.es\/w\/?p=133"},"modified":"2015-10-27T19:19:57","modified_gmt":"2015-10-27T18:19:57","slug":"dzien-dziecka-w-szkole-podstawowej","status":"publish","type":"post","link":"https:\/\/www.fibernowogrod.pl\/index.php\/2015\/10\/27\/dzien-dziecka-w-szkole-podstawowej\/","title":{"rendered":"Dzie\u0144 dziecka w Szkole Podstawowej &#8211; 30.05.2015"},"content":{"rendered":"<p align=\"JUSTIFY\"><img loading=\"lazy\" decoding=\"async\" class=\"alignleft wp-image-134\" src=\"http:\/\/fibernowogrod.esy.es\/w\/wp-content\/uploads\/2015\/10\/dd-sp-150x150.jpg\" alt=\"dd sp\" width=\"140\" height=\"105\" \/>Tak, to by\u0142 bardzo pracowity, ale i niezwykle owocny dzie\u0144. A mowa o 30 maja 2015 r., dniu, w kt\u00f3rym rozpocz\u0119to w Polsce obchody z okazji Mi\u0119dzynarodowego Dnia Dziecka. To \u015bwi\u0119to, dla kt\u00f3rego Stowarzyszenie Fiber po\u015bwi\u0119ci\u0142o si\u0119 bezwzgl\u0119dnie, z nieukrywan\u0105 zreszt\u0105 rado\u015bci\u0105.<\/p>\n<p align=\"JUSTIFY\">Sobotni poranek rozpocz\u0105\u0142 si\u0119 ustawianiem stoisk fiberowskich gier sprawno\u015bciowych w Szkole Podstawowej na tradycyjnym ju\u017c Festynie z okazji Dnia Dziecka. <!--more-->Poniewa\u017c pogoda nie dopisa\u0142a dlatego nasze gry musieli\u015bmy roz\u0142o\u017cy\u0107 w gabinecie nr 22, w kt\u00f3rym wszyscy uczestnicy imprezy mieli mo\u017cliwo\u015b\u0107 sprawdzenia swoich umiej\u0119tno\u015bci sprawno\u015bciowych, refleksyjnych, przewidywalno\u015bci, a przede wszystkim szcz\u0119\u015bcia, bo to od niego w tych grach wiele zale\u017ca\u0142o. Zabawa by\u0142a przednia, opiekunowie stoisk nie mieli chwili wytchnienia, wci\u0105\u017c ustawia\u0142y si\u0119 kolejki ma\u0142ych i du\u017cych \u015bmia\u0142k\u00f3w. Po ka\u017cdej pe\u0142nej godzinie wy\u0142aniano zwyci\u0119zc\u0119 poszczeg\u00f3lnych gier, wr\u0119czaj\u0105c mu los, kt\u00f3ry wrzucany by\u0142 do og\u00f3lnej puli los\u00f3w, z kt\u00f3rych wyci\u0105gano te zwyci\u0119skie i obdarowywano atrakcyjnymi nagrodami. W konkurencjach pt.\u201dMasz minut\u0119\u201d prym wi\u00f3d\u0142 Wojciech Sadowski, to w\u0142a\u015bnie ten m\u0142odzieniec okaza\u0142 si\u0119 najsprytniejszym zawodnikiem, dlatego te\u017c serdecznie Mu gratulujemy i obiecujemy podnie\u015b\u0107 poprzeczk\u0119, wymy\u015blaj\u0105c trudniejsze konkurencje.<\/p>\n<p align=\"JUSTIFY\">W szkole Podstawowej dzieci uszcz\u0119\u015bliwiali: Roman, Piotr i Tomasz M\u0105czkowscy, Marek i Aleksander Janusz, Walerian Droszczak, Maria Strupi\u0144ska, Melania Paw\u0142owska, Gracjan Lipi\u0144ski, Dorota Laskowska-Kaba\u0142a, pracowali do godziny 12:30, po czym \u2013 szybki obiad \u2013 i kierunek Dobrosz\u00f3w Wielki. Dalej czytaj <a href=\"http:\/\/fibernowogrod.pl\/fiber\/festyn-rodzinny-w-dobroszowie-wielkim-30-05-2015\/\">tutaj<\/a><\/p>\n","protected":false},"excerpt":{"rendered":"<p>Tak, to by\u0142 bardzo pracowity, ale i niezwykle owocny dzie\u0144. A mowa o 30 maja&#8230;<\/p>\n","protected":false},"author":1,"featured_media":0,"comment_status":"closed","ping_status":"open","sticky":false,"template":"","format":"standard","meta":{"footnotes":""},"categories":[2],"tags":[],"class_list":["post-133","post","type-post","status-publish","format-standard","hentry","category-fiber"],"_links":{"self":[{"href":"https:\/\/www.fibernowogrod.pl\/index.php\/wp-json\/wp\/v2\/posts\/133","targetHints":{"allow":["GET"]}}],"collection":[{"href":"https:\/\/www.fibernowogrod.pl\/index.php\/wp-json\/wp\/v2\/posts"}],"about":[{"href":"https:\/\/www.fibernowogrod.pl\/index.php\/wp-json\/wp\/v2\/types\/post"}],"author":[{"embeddable":true,"href":"https:\/\/www.fibernowogrod.pl\/index.php\/wp-json\/wp\/v2\/users\/1"}],"replies":[{"embeddable":true,"href":"https:\/\/www.fibernowogrod.pl\/index.php\/wp-json\/wp\/v2\/comments?post=133"}],"version-history":[{"count":0,"href":"https:\/\/www.fibernowogrod.pl\/index.php\/wp-json\/wp\/v2\/posts\/133\/revisions"}],"wp:attachment":[{"href":"https:\/\/www.fibernowogrod.pl\/index.php\/wp-json\/wp\/v2\/media?parent=133"}],"wp:term":[{"taxonomy":"category","embeddable":true,"href":"https:\/\/www.fibernowogrod.pl\/index.php\/wp-json\/wp\/v2\/categories?post=133"},{"taxonomy":"post_tag","embeddable":true,"href":"https:\/\/www.fibernowogrod.pl\/index.php\/wp-json\/wp\/v2\/tags?post=133"}],"curies":[{"name":"wp","href":"https:\/\/api.w.org\/{rel}","templated":true}]}}