{"id":136,"date":"2015-10-27T19:24:12","date_gmt":"2015-10-27T18:24:12","guid":{"rendered":"http:\/\/fibernowogrod.esy.es\/w\/?p=136"},"modified":"2015-10-27T19:24:12","modified_gmt":"2015-10-27T18:24:12","slug":"festyn-rodzinny-w-dobroszowie-wielkim-30-05-2015","status":"publish","type":"post","link":"https:\/\/www.fibernowogrod.pl\/index.php\/2015\/10\/27\/festyn-rodzinny-w-dobroszowie-wielkim-30-05-2015\/","title":{"rendered":"Festyn Rodzinny w Dobroszowie Wielkim &#8211; 30.05.2015"},"content":{"rendered":"<p align=\"JUSTIFY\"><img loading=\"lazy\" decoding=\"async\" class=\"alignleft wp-image-137\" src=\"http:\/\/fibernowogrod.esy.es\/w\/wp-content\/uploads\/2015\/10\/festyn_dobroszow-150x150.jpg\" alt=\"festyn_dobroszow\" width=\"140\" height=\"79\" \/>Na zaproszenie so\u0142tysa wsi Jana Jesionki oraz Rady So\u0142eckiej, cz\u0142onkowie stowarzyszenie FIBER przygotowali gry zr\u0119czno\u015bciowe dla dzieci i doros\u0142ych z okazji Festynu Rodzinnego. Jedn\u0105 z najwi\u0119kszych atrakcji by\u0142o s\u0142ynne ju\u017c Ko\u0142o Fibera. W tej konkurencji mog\u0142y wzi\u0105\u0107 udzia\u0142 tylko dzieci mieszkaj\u0105ce w Dobroszowie Wielkim. To w\u0142a\u015bnie dla uczestnika, kt\u00f3ry wykr\u0119ci\u0142 najwi\u0119ksz\u0105 ilo\u015b\u0107 punkt\u00f3w so\u0142tys ufundowa\u0142 \u015bliczny, niezwykle nowoczesny rower. Dzieci kr\u0119ci\u0142y, kr\u0119ci\u0142y, kr\u0119ci\u0142y\u2026. <!--more-->I najwi\u0119cej punkt\u00f3w wykr\u0119ci\u0142 Karol To\u015bko i tym samym z festynu wyjecha\u0142 nowiutkim, bielutkim rowerem. Pozosta\u0142e dzieci te\u017c zosta\u0142y obdarowane szeregiem nagr\u00f3d za udzia\u0142 w grach zr\u0119czno\u015bciowych Fibera, wr\u00f3ci\u0142y do domu z pi\u0142kami, skakankami, odblaskami, smyczkami, wisiorami i r\u00f3\u017cnistymi gad\u017cetami, kt\u00f3re b\u0119d\u0105 pami\u0105tk\u0105 z tego wyj\u0105tkowego dnia.<\/p>\n<p align=\"JUSTIFY\"><a name=\"_GoBack\"><\/a> Na festynie rodzinnym w Dobroszowie Wielkim mo\u017cna by\u0142o r\u00f3wnie\u017c wzi\u0105\u0107 udzia\u0142 w czterech konkurencjach rodzinnych, do kt\u00f3rych zg\u0142osi\u0142o si\u0119 a\u017c 9 rodzin. Rywalizowa\u0142y one w konkurencjach: Rzut Gumiakiem, Nalewajka, Pi\u0142k\u0105 do wiadra i na koniec w Sztafecie rodzinnej, gdzie liczy\u0142a si\u0119 nie tylko szybko\u015b\u0107 ale te\u017c i spryt ka\u017cdego z czterech cz\u0142onk\u00f3w sztafety. Ponadto uczestnicy mogli poje\u017adzi\u0107 na quadach, pota\u0144czy\u0107, po\u015bpiewa\u0107 oraz posili\u0107 si\u0119 mn\u00f3stwem dobrodziejstw przygotowanych przez lokalne gospodynie.<\/p>\n<p align=\"JUSTIFY\">R\u00f3wnolegle do Festynu na boisku do pi\u0142ki siatkowej odbywa\u0142 Turniej siatkarski, w kt\u00f3rym uczestniczy\u0142y cztery dru\u017cyny w tym zadebiutowa\u0142a tak\u017ce i nasza dru\u017cyna pod nazw\u0105 \u201eFIBER\u201d Nowogr\u00f3d Bobrza\u0144ski. Dru\u017cyny gra\u0142y systemem ka\u017cdy z ka\u017cdym. Ostatecznie nasza dru\u017cyna w kt\u00f3rej grali: Tomasz i Piotr M\u0105czkowski, Gracjan i Patryk Lipi\u0144ski, \u0141ukasz Kaba\u0142a oraz Ela Balak, zaj\u0119\u0142a drugie miejsce.<\/p>\n<p align=\"JUSTIFY\">Zabawy dla dzieci zako\u0144czy\u0142y si\u0119 oko\u0142o godziny 18:30, a po nich rozpocz\u0119\u0142a si\u0119 zabawa dla doros\u0142ych, na kt\u00f3rej cz\u0142onkowie Stowarzyszenia Fiber odpoczywali po pracowitym dniu snuj\u0105c plany dalszej dzia\u0142alno\u015bci.<\/p>\n<p align=\"JUSTIFY\">W Festynie w Dobroszowie Wielkim uczestniczy\u0142a najliczniejsza jak do tej pory grupa, kt\u00f3ra przeprowadza\u0142a gry i zabawy. \u0141\u0105cznie by\u0142o nas 16 os\u00f3b: Dorota Laskowska Kaba\u0142a \u2013 prowadz\u0105ca konferansjerk\u0119, El\u017cbieta Balak, Melania Paw\u0142owska, Maria Strupi\u0144ska, Anna M\u0105czkowska, ponadto: Roman, Piotr i Tomasz M\u0105czkowscy, Marek i Aleksander Janusz, Walerian Droszczak, Gracjan Lipi\u0144ski, Dariusz Paw\u0142owski, Wojciech Ho\u0142dowski, i Przemek \u0141ukasiewicz. Na zako\u0144czenie Festynu so\u0142tys wsi Jan Jesionka (kt\u00f3ry jest tak\u017ce cz\u0142onkiem FIBERA) z\u0142o\u017cy\u0142 na r\u0119ce prezesa Romana M\u0105czkowskiego podzi\u0119kowania za pomoc w organizacji i przeprowadzeniu Festynu, wr\u0119czaj\u0105c dla ca\u0142ej ekipy drobny upominek.<\/p>\n<p align=\"JUSTIFY\">My \u2013 cz\u0142onkowie stowarzyszenia FIBER tak\u017ce dzi\u0119kujemy za mi\u0142e i sympatyczne przyj\u0119cie a przede wszystkim za dobr\u0105 zabaw\u0119.<\/p>\n","protected":false},"excerpt":{"rendered":"<p>Na zaproszenie so\u0142tysa wsi Jana Jesionki oraz Rady So\u0142eckiej, cz\u0142onkowie stowarzyszenie FIBER przygotowali gry zr\u0119czno\u015bciowe&#8230;<\/p>\n","protected":false},"author":1,"featured_media":0,"comment_status":"closed","ping_status":"open","sticky":false,"template":"","format":"standard","meta":{"footnotes":""},"categories":[2],"tags":[],"class_list":["post-136","post","type-post","status-publish","format-standard","hentry","category-fiber"],"_links":{"self":[{"href":"https:\/\/www.fibernowogrod.pl\/index.php\/wp-json\/wp\/v2\/posts\/136","targetHints":{"allow":["GET"]}}],"collection":[{"href":"https:\/\/www.fibernowogrod.pl\/index.php\/wp-json\/wp\/v2\/posts"}],"about":[{"href":"https:\/\/www.fibernowogrod.pl\/index.php\/wp-json\/wp\/v2\/types\/post"}],"author":[{"embeddable":true,"href":"https:\/\/www.fibernowogrod.pl\/index.php\/wp-json\/wp\/v2\/users\/1"}],"replies":[{"embeddable":true,"href":"https:\/\/www.fibernowogrod.pl\/index.php\/wp-json\/wp\/v2\/comments?post=136"}],"version-history":[{"count":0,"href":"https:\/\/www.fibernowogrod.pl\/index.php\/wp-json\/wp\/v2\/posts\/136\/revisions"}],"wp:attachment":[{"href":"https:\/\/www.fibernowogrod.pl\/index.php\/wp-json\/wp\/v2\/media?parent=136"}],"wp:term":[{"taxonomy":"category","embeddable":true,"href":"https:\/\/www.fibernowogrod.pl\/index.php\/wp-json\/wp\/v2\/categories?post=136"},{"taxonomy":"post_tag","embeddable":true,"href":"https:\/\/www.fibernowogrod.pl\/index.php\/wp-json\/wp\/v2\/tags?post=136"}],"curies":[{"name":"wp","href":"https:\/\/api.w.org\/{rel}","templated":true}]}}