{"id":142,"date":"2015-10-27T19:38:09","date_gmt":"2015-10-27T18:38:09","guid":{"rendered":"http:\/\/fibernowogrod.esy.es\/w\/?p=142"},"modified":"2015-10-27T19:38:09","modified_gmt":"2015-10-27T18:38:09","slug":"rowerem-z-fiberem-06-06-2015","status":"publish","type":"post","link":"https:\/\/www.fibernowogrod.pl\/index.php\/2015\/10\/27\/rowerem-z-fiberem-06-06-2015\/","title":{"rendered":"Rowerem z FIBERem &#8211; 06.06.2015"},"content":{"rendered":"<p><img loading=\"lazy\" decoding=\"async\" class=\"alignleft wp-image-143\" src=\"http:\/\/fibernowogrod.esy.es\/w\/wp-content\/uploads\/2015\/10\/rower2-150x150.jpg\" alt=\"rower2\" width=\"140\" height=\"105\" \/><\/p>\n<p align=\"JUSTIFY\">Ani wysoka temperatura, przekraczaj\u0105ca 33 stopnie, ani d\u0142ugi weekend sprzyjaj\u0105cy wyjazdom i spotkaniom rodzinnym, ani nawet wizja nabycia zakwas\u00f3w, dzi\u0119ki zaplanowanej d\u0142ugiej trasie, nie zniech\u0119ci\u0142a kilku \u015bmia\u0142k\u00f3w, kt\u00f3rzy 6 czerwca 2015 r. ruszyli ROWEREM Z FIBEREM.<\/p>\n<p align=\"JUSTIFY\">Zbi\u00f3rk\u0119 zaplanowano, tradycyjnie ju\u017c przed Domem Kultury, o godzinie 14:30. <!--more-->Przed wyjazdem dokonano przegl\u0105du jedno\u015blad\u00f3w, prezes Roman M\u0105czkowski przedstawi\u0142 plan trasy i\u2026 w drog\u0119! Ruszyli, jeden za drugim \u015bcie\u017ck\u0105 w kierunku Bia\u0142owic. Ju\u017c po kilkudziesi\u0119ciu metrach okaza\u0142o si\u0119, \u017ce w kole jednej z uczestniczek brakuje powietrza. Szybko je jednak uzupe\u0142niono i kontynuowano wycieczk\u0119. Z asfaltowej drogi bia\u0142owickiej zjechano w las w kierunku wsi Krzywaniec. Tam kr\u00f3tki post\u00f3j i decyzja: Jedziemy d\u0142u\u017csz\u0105 tras\u0105 czy kr\u00f3tsz\u0105? Po 13 km uczestnicy zdecydowali si\u0119 jednak szybszy powr\u00f3t do punktu wyjazdu, czyli Domu Kultury. W konsekwencji przejechano tras\u0119 d\u0142ugo\u015bci 22 km. W zbawiennych, ch\u0142odnych podziemiach MGOKSiRU, w niezwykle radosnej atmosferze podsumowano rowerow\u0105 przygod\u0119, a smaczku ca\u0142o\u015bci doda\u0142y doskona\u0142e wypieki Pani Ani M\u0105czkowskiej, za kt\u00f3re uczestnicy z ca\u0142ego serca Pani Ani dzi\u0119kuj\u0105!<\/p>\n","protected":false},"excerpt":{"rendered":"<p>Ani wysoka temperatura, przekraczaj\u0105ca 33 stopnie, ani d\u0142ugi weekend sprzyjaj\u0105cy wyjazdom i spotkaniom rodzinnym, ani&#8230;<\/p>\n","protected":false},"author":1,"featured_media":0,"comment_status":"closed","ping_status":"open","sticky":false,"template":"","format":"standard","meta":{"footnotes":""},"categories":[2],"tags":[],"class_list":["post-142","post","type-post","status-publish","format-standard","hentry","category-fiber"],"_links":{"self":[{"href":"https:\/\/www.fibernowogrod.pl\/index.php\/wp-json\/wp\/v2\/posts\/142","targetHints":{"allow":["GET"]}}],"collection":[{"href":"https:\/\/www.fibernowogrod.pl\/index.php\/wp-json\/wp\/v2\/posts"}],"about":[{"href":"https:\/\/www.fibernowogrod.pl\/index.php\/wp-json\/wp\/v2\/types\/post"}],"author":[{"embeddable":true,"href":"https:\/\/www.fibernowogrod.pl\/index.php\/wp-json\/wp\/v2\/users\/1"}],"replies":[{"embeddable":true,"href":"https:\/\/www.fibernowogrod.pl\/index.php\/wp-json\/wp\/v2\/comments?post=142"}],"version-history":[{"count":0,"href":"https:\/\/www.fibernowogrod.pl\/index.php\/wp-json\/wp\/v2\/posts\/142\/revisions"}],"wp:attachment":[{"href":"https:\/\/www.fibernowogrod.pl\/index.php\/wp-json\/wp\/v2\/media?parent=142"}],"wp:term":[{"taxonomy":"category","embeddable":true,"href":"https:\/\/www.fibernowogrod.pl\/index.php\/wp-json\/wp\/v2\/categories?post=142"},{"taxonomy":"post_tag","embeddable":true,"href":"https:\/\/www.fibernowogrod.pl\/index.php\/wp-json\/wp\/v2\/tags?post=142"}],"curies":[{"name":"wp","href":"https:\/\/api.w.org\/{rel}","templated":true}]}}