{"id":145,"date":"2015-10-27T19:40:12","date_gmt":"2015-10-27T18:40:12","guid":{"rendered":"http:\/\/fibernowogrod.esy.es\/w\/?p=145"},"modified":"2015-10-27T19:40:12","modified_gmt":"2015-10-27T18:40:12","slug":"nordic-walking-6-07-06-2015","status":"publish","type":"post","link":"https:\/\/www.fibernowogrod.pl\/index.php\/2015\/10\/27\/nordic-walking-6-07-06-2015\/","title":{"rendered":"Nordic Walking (6) &#8211; 07.06.2015"},"content":{"rendered":"<p style=\"text-align: justify;\"><img loading=\"lazy\" decoding=\"async\" class=\"alignleft wp-image-146\" src=\"http:\/\/fibernowogrod.esy.es\/w\/wp-content\/uploads\/2015\/10\/nw6-150x150.jpg\" alt=\"nw6\" width=\"140\" height=\"105\" \/>7 czerwca w niedziel\u0119 o godz. 14.30 stowarzyszenie FIBER zorganizowa\u0142o ostatnie przed wakacjami spotkanie Nordic Walking\u00a0 w Nowogrodzie &#8211; PO ZDROWIE MARSZ.<br \/>\nMimo, \u017ce przed godz. 14.00 pada\u0142 jeszcze rz\u0119sisty deszcz to o godzinie rozpocz\u0119cia spotkania juz nie pada\u0142o a pogoda by\u0142a wr\u0119cz wymarzona do spaceru z kijkami.<br \/>\nNa sz\u00f3ste spotkanie przyby\u0142o tylko 12 os\u00f3b i przez to \u017ce by\u0142o tak ma\u0142o uczestnik\u00f3w mo\u017cna by\u0142o lepiej i bardziej efektywniej doskonali\u0107 technike marszu pod okiem naszej trenerki Beaty Boczar, <!--more-->kt\u00f3ra w przeddzie\u0144 spotkania zaj\u0119\u0142a 2 miejsce w Pucharze Europy rozgrywanego w Kolbuszowej (przy okazji gratulujemy i jeste\u015bmy dumni, \u017ce mo\u017ce nas trenowa\u0107 najbardziej kompetentna osoba w tym sporcie).<br \/>\nNa placu przy O\u015brodku Kultury po intensywnej rozgrzewce osoby uczestnicz\u0105ce w zaj\u0119ciach maszeruj\u0105c na specjalnie przygotowanym torze by\u0142y instruowane i na bie\u017c\u0105co pouczane, poprawiaj\u0105c przy tym odrazu technik\u0119 marszu.<br \/>\nPoniewa\u017c na \u0107wiczenia na placu by\u0142y do\u015b\u0107 intensywne dlatego trasa marszu liczy\u0142a tylko 5 km i wiod\u0142a \u015bcie\u017ckami nowogrodzkich las\u00f3w.<br \/>\nPo marszu cz\u0142onkowie stowarzyszenia w osobach Tomasz M\u0105czkowski i Gracjan Lipi\u0144ski przygotowali dla uczestnik\u00f3w, spotkanie przy kawie i domowym cie\u015bcie.<br \/>\nBy\u0142 to czas na podsumowanie i reflekcje z dotyczasowych spotka\u0144. Wszystkie osoby wyrazi\u0142y zadowolenie i z\u0142o\u017cy\u0142y wst\u0119pne deklaracje dalszego uczestnictwa zaj\u0119ciach Nordic Walking, z kt\u00f3rymi mamy nadziej\u0119, ze ruszymy ju\u017c po wakacjach.<br \/>\nPrezes stowarzyszenia podziekowa\u0142 wszsytkim uczestnikom za udzia\u0142 (og\u00f3\u0142em na zaj\u0119cia zapisa\u0142o si\u0119 ponad 70 os\u00f3b) i aktywne uczestnictwo w zaj\u0119ciach a pani instruktor Beacie Boczar za \u015bwietne prelekcje i pokaz poprawnego marszu a przede wszystkim za cierpliwo\u015b\u0107.<br \/>\nStowarzyszenie FIBER zaj\u0119cia Nordic Walking w Nowogrodzie &#8211; PO ZDROWIE &#8211; MARSZ organizowa\u0142o wraz z Hal\u0105 wiedowiskowo-sportow\u0105, pod przewodnictwem kierownika tej Hali Waldemara Kapusty, kt\u00f3rego pomoc przy organizacji spotka\u0144 by\u0142a bardzo du\u017ca. Nie mo\u017cna pomin\u0105\u0107 tak\u017ce Burmistrza naszego miasta Paw\u0142a Mierzwiaka, kt\u00f3ry wspiera\u0142 nasze dzia\u0142ania przyczyniaj\u0105c si\u0119 tak\u017ce do lepszej jako\u015bci tych spotka\u0144.<\/p>\n","protected":false},"excerpt":{"rendered":"<p>7 czerwca w niedziel\u0119 o godz. 14.30 stowarzyszenie FIBER zorganizowa\u0142o ostatnie przed wakacjami spotkanie Nordic&#8230;<\/p>\n","protected":false},"author":1,"featured_media":0,"comment_status":"closed","ping_status":"open","sticky":false,"template":"","format":"standard","meta":{"footnotes":""},"categories":[2],"tags":[],"class_list":["post-145","post","type-post","status-publish","format-standard","hentry","category-fiber"],"_links":{"self":[{"href":"https:\/\/www.fibernowogrod.pl\/index.php\/wp-json\/wp\/v2\/posts\/145","targetHints":{"allow":["GET"]}}],"collection":[{"href":"https:\/\/www.fibernowogrod.pl\/index.php\/wp-json\/wp\/v2\/posts"}],"about":[{"href":"https:\/\/www.fibernowogrod.pl\/index.php\/wp-json\/wp\/v2\/types\/post"}],"author":[{"embeddable":true,"href":"https:\/\/www.fibernowogrod.pl\/index.php\/wp-json\/wp\/v2\/users\/1"}],"replies":[{"embeddable":true,"href":"https:\/\/www.fibernowogrod.pl\/index.php\/wp-json\/wp\/v2\/comments?post=145"}],"version-history":[{"count":0,"href":"https:\/\/www.fibernowogrod.pl\/index.php\/wp-json\/wp\/v2\/posts\/145\/revisions"}],"wp:attachment":[{"href":"https:\/\/www.fibernowogrod.pl\/index.php\/wp-json\/wp\/v2\/media?parent=145"}],"wp:term":[{"taxonomy":"category","embeddable":true,"href":"https:\/\/www.fibernowogrod.pl\/index.php\/wp-json\/wp\/v2\/categories?post=145"},{"taxonomy":"post_tag","embeddable":true,"href":"https:\/\/www.fibernowogrod.pl\/index.php\/wp-json\/wp\/v2\/tags?post=145"}],"curies":[{"name":"wp","href":"https:\/\/api.w.org\/{rel}","templated":true}]}}