{"id":149,"date":"2015-10-27T19:47:28","date_gmt":"2015-10-27T18:47:28","guid":{"rendered":"http:\/\/fibernowogrod.esy.es\/w\/?p=149"},"modified":"2015-10-27T19:47:28","modified_gmt":"2015-10-27T18:47:28","slug":"nowogrodzki-rajd-integracyjny-27-06-2015","status":"publish","type":"post","link":"https:\/\/www.fibernowogrod.pl\/index.php\/2015\/10\/27\/nowogrodzki-rajd-integracyjny-27-06-2015\/","title":{"rendered":"Nowogrodzki Rajd Integracyjny &#8211; 27.06.2015"},"content":{"rendered":"<p style=\"text-align: justify;\"><img loading=\"lazy\" decoding=\"async\" class=\"alignleft wp-image-150\" src=\"http:\/\/fibernowogrod.esy.es\/w\/wp-content\/uploads\/2015\/10\/rajd_int-150x150.jpg\" alt=\"rajd_int\" width=\"140\" height=\"94\" \/>Nowogrodzki Rajd Integracyjny odby\u0142 si\u0119 w Nowogrodzie Bobrza\u0144skim 27 czerwca 2015 r.<br \/>\nAby jego zorganizowa\u0107 zaanga\u017cowano bardzo wiele os\u00f3b instytucji. Jednym z nich by\u0142o nasze stowarzyszenie, kt\u00f3rego cz\u0142onkowie czynnie w\u0142\u0105czyli si\u0119 w przygotowania, organizacje a p\u00f3\u017aniej tak\u017ce czuwali nad przebiegiem ca\u0142ej imprezy. Ponadto dla dzieci i doros\u0142ych wystawione by\u0142y cztery GRY FIBERA podczas, kt\u00f3rych mog\u0142y rywalizowa\u0107 o nagrody ufundowane m.im. przez firmy : Votum, Covan oraz K\u0141 Rar\u00f3g.<!--more--><br \/>\nDo rajdu , kt\u00f3ry by\u0142 g\u0142\u00f3wnym celem imprezy zapisa\u0142o si\u0119 ponad 60 os\u00f3b w tak\u017ce niepe\u0142nosprawni na swoich nietypowych rowerach. Tras\u0119 zabezpieczyli cz\u0142onkowie grupy Quad B\u00f3br Team na Quadach a tak\u017ce zastepy OSM z Gminy Nowogr\u00f3d Bobrza\u0144ski. Teren startu i mety a tak\u017ce p\u00f3\u017aniej i pikniku zabezpieczyli i przygotwali pracownicy MGOKSiR, cz\u0142onkowie stowarzyszenia FIBER a tak\u017ce zast\u0119p harcerzy i harcerek.<br \/>\nTrasa rajdu wiod\u0142a le\u015bnymi (betonowymi) drogami po by\u0142ej fabryce amunicji w Krzystkowicach i mia\u0142a d\u0142ugo\u015b\u0107 11 km, kt\u00f3r\u0105 to uczestnicy przebyli w ponad dwugodzinnej je\u017adzie.Ma mecie kazdy uczestnik zosta\u0142 uhonorowany pami\u0105tkowym medalem przez Burmistrza i Przewodnicz\u0105cego Rady Miejskiej W Nowogrodzie Bobrza\u0144skim. Pierwszy medal otrzyma\u0142 Ryszard KR\u00d3L, ktory by\u0142 pomys\u0142odawc\u0105 ca\u0142ego rajdu.<br \/>\nNa mecie uczestnicy mogli posili\u0107 si\u0119 groch\u00f3wk\u0105 prosto z kot\u0142a , pajd\u0105 chleba ze smalcem i og\u00f3rkiem.<br \/>\nOrganizatorzy zadbali nie tylko o podniebienie a tak\u017ce i o inne atrakcje t.j. przew\u00f3z bryczk\u0105 po terenie miasta, pokaz sokolnictwa, prezentacja ptak\u00f3w, pokaz tresury ps\u00f3w, Mo\u017cna by\u0142o takze poje\u017adzi\u0107 na Quadach i na koniach. Ponadto stoiska wystawi\u0142y Firma Marvel Polska z super busami do przewozu os\u00f3b niepe\u0142nosprawnych, Firma Votum, Nadle\u015bnictwo krzystkowice, Ko\u0142o \u0141owieckie Rar\u00f3g, sklep ORTO PROT, a tkaze mozna by\u0142o podziwia\u0107 ekspozycje \u0142owieckie, pszczelarskie, a tak\u017ce ram do obraz\u00f3w. Ka\u017cdy chetny m\u00f3g\u0142 si\u0119 sprawdzic w ci\u0119ciu drewna pi\u0142a r\u0119czn\u0105 czy te\u017c zagra\u0107 na my\u015bliwskim rogu.Dzieci mog\u0142y tak\u017ce zbada\u0107 swoje stopy na stoisku sklepu Orto Prot. Jak zawsze nie mog\u0142o zabrakn\u0105\u0107 tak\u017ce przysmak\u00f3w od &#8222;Czestera&#8221;.<br \/>\nCentralnym punktem na placu by\u0142 scena na kt\u00f3rej mog\u0142y sie pokaza\u0107 zespo\u0142y. Po raz pierwszy przed nowogrodzk\u0105 publiczno\u015bci\u0105 wyst\u0105pi\u0142 zesp\u00f3\u0142 rockowy MOST, by\u0142 to ich absolutny debiut, kt\u00f3ry wypad\u0142 bardzo okazale i ciep\u0142o zosta\u0142 przyj\u0119ty przez publiczno\u015b\u0107. Po ostrym graniu na scenie wystapi\u0142y zespo\u0142y Bobrzanki i Wicinianki a po nim rodzinny zesp\u00f3\u0142 muzyczny z \u017bar &#8211; AXEL. W przerwach pomi\u0119dzy zespo\u0142amy na scenie wyst\u0105pili m.in. Aneta Zatwarnicka , Ewa Zieli\u0144ska, a tak\u017ce przedstawiciele firm Votum i Orto Prot. Na opowie\u015bci \u0142owieckie da\u0142 sie tak\u017ce nam\u00f3wi\u0107 Tomis\u0142aw Tylczak z Ko\u0142a \u0141owieckiego RAR\u00d3g. Po godzinie 17 spad\u0142 deszcz, kt\u00f3ry.<br \/>\nNa koniec festynu rozpocz\u0119\u0142a si\u0119 zabawa taneczna dla przyby\u0142ych go\u015bci, do kt\u00f3rej przygrywa\u0142 zesp\u00f3\u0142 AKTES.<br \/>\nMamy nadziej\u0119, \u017ce cz\u0142onkowie naszego stowarzyszenia w pe\u0142ni wywi\u0105zali si\u0119 z powierzonej im roli.<br \/>\nPrzy organizacji Rajdu i Pikniku a tkaze przy obs\u0142ugiwaniu gier Fibera uczestniczyli nastepuj\u0105cy cz\u0142onkowie stowarzeszenia FIBER: Roman, Tomasz, Piotr i Anna M\u0105czkowscy, Walerian Droszczak, Marek i Aleksander Janusz, Lech Pawlisiak, Marysia Strupi\u0144ska, Ignacy Kulczycki i Wojtek Ho\u0142dowski.Nie mozna zapomnie\u0107 tak\u017ce o Dorocie Laskowskiej-Kaba\u0142a, kt\u00f3ra niezawodnie panowa\u0142a na scenie zabawiaj\u0105c wszystkich zgromadzonych na pikniku.<\/p>\n","protected":false},"excerpt":{"rendered":"<p>Nowogrodzki Rajd Integracyjny odby\u0142 si\u0119 w Nowogrodzie Bobrza\u0144skim 27 czerwca 2015 r. Aby jego zorganizowa\u0107&#8230;<\/p>\n","protected":false},"author":1,"featured_media":0,"comment_status":"closed","ping_status":"open","sticky":false,"template":"","format":"standard","meta":{"footnotes":""},"categories":[2],"tags":[],"class_list":["post-149","post","type-post","status-publish","format-standard","hentry","category-fiber"],"_links":{"self":[{"href":"https:\/\/www.fibernowogrod.pl\/index.php\/wp-json\/wp\/v2\/posts\/149","targetHints":{"allow":["GET"]}}],"collection":[{"href":"https:\/\/www.fibernowogrod.pl\/index.php\/wp-json\/wp\/v2\/posts"}],"about":[{"href":"https:\/\/www.fibernowogrod.pl\/index.php\/wp-json\/wp\/v2\/types\/post"}],"author":[{"embeddable":true,"href":"https:\/\/www.fibernowogrod.pl\/index.php\/wp-json\/wp\/v2\/users\/1"}],"replies":[{"embeddable":true,"href":"https:\/\/www.fibernowogrod.pl\/index.php\/wp-json\/wp\/v2\/comments?post=149"}],"version-history":[{"count":0,"href":"https:\/\/www.fibernowogrod.pl\/index.php\/wp-json\/wp\/v2\/posts\/149\/revisions"}],"wp:attachment":[{"href":"https:\/\/www.fibernowogrod.pl\/index.php\/wp-json\/wp\/v2\/media?parent=149"}],"wp:term":[{"taxonomy":"category","embeddable":true,"href":"https:\/\/www.fibernowogrod.pl\/index.php\/wp-json\/wp\/v2\/categories?post=149"},{"taxonomy":"post_tag","embeddable":true,"href":"https:\/\/www.fibernowogrod.pl\/index.php\/wp-json\/wp\/v2\/tags?post=149"}],"curies":[{"name":"wp","href":"https:\/\/api.w.org\/{rel}","templated":true}]}}