{"id":3869,"date":"2019-11-24T09:41:33","date_gmt":"2019-11-24T08:41:33","guid":{"rendered":"http:\/\/fibernowogrod.pl\/?p=3869"},"modified":"2019-11-24T09:41:33","modified_gmt":"2019-11-24T08:41:33","slug":"ii-wtk-mlodzikow-gorki-noteckie-23-11-2019r","status":"publish","type":"post","link":"https:\/\/www.fibernowogrod.pl\/index.php\/2019\/11\/24\/ii-wtk-mlodzikow-gorki-noteckie-23-11-2019r\/","title":{"rendered":"II WTK m\u0142odzik\u00f3w &#8211; G\u00f3rki Noteckie 23.11.2019r"},"content":{"rendered":"<p>W G\u00f3rkach Noteckich rozegrano II Wojew\u00f3dzki Turniej Kwalifikacyjny m\u0142odzik\u00f3w\/czek w tenisie sto\u0142owym.<br \/>\nDru\u017cyna Fibera wyst\u0105pi\u0142a w siedmioosobowym sk\u0142adzie.<br \/>\nW kategorii ch\u0142opc\u00f3w najlepsze 5 miejsce zaj\u0105\u0142 Oliwier Babiak, a 7 Jakub \u015aledzi\u0144ski.<br \/>\nW kategorii dziewcz\u0105t 9 miejsce zaj\u0119\u0142a Ola Mierzwiak.<br \/>\nPozosta\u0142e miejsca zawodnik\u00f3w Fibera: 13 Radek Chabiniak, 21-22 Mateusz Sikorski i Filip Babiak.<\/p>\n","protected":false},"excerpt":{"rendered":"<p>W G\u00f3rkach Noteckich rozegrano II Wojew\u00f3dzki Turniej Kwalifikacyjny m\u0142odzik\u00f3w\/czek w tenisie sto\u0142owym. Dru\u017cyna Fibera wyst\u0105pi\u0142a&#8230;<\/p>\n","protected":false},"author":1,"featured_media":0,"comment_status":"closed","ping_status":"open","sticky":false,"template":"","format":"standard","meta":{"footnotes":""},"categories":[2],"tags":[],"class_list":["post-3869","post","type-post","status-publish","format-standard","hentry","category-fiber"],"_links":{"self":[{"href":"https:\/\/www.fibernowogrod.pl\/index.php\/wp-json\/wp\/v2\/posts\/3869","targetHints":{"allow":["GET"]}}],"collection":[{"href":"https:\/\/www.fibernowogrod.pl\/index.php\/wp-json\/wp\/v2\/posts"}],"about":[{"href":"https:\/\/www.fibernowogrod.pl\/index.php\/wp-json\/wp\/v2\/types\/post"}],"author":[{"embeddable":true,"href":"https:\/\/www.fibernowogrod.pl\/index.php\/wp-json\/wp\/v2\/users\/1"}],"replies":[{"embeddable":true,"href":"https:\/\/www.fibernowogrod.pl\/index.php\/wp-json\/wp\/v2\/comments?post=3869"}],"version-history":[{"count":0,"href":"https:\/\/www.fibernowogrod.pl\/index.php\/wp-json\/wp\/v2\/posts\/3869\/revisions"}],"wp:attachment":[{"href":"https:\/\/www.fibernowogrod.pl\/index.php\/wp-json\/wp\/v2\/media?parent=3869"}],"wp:term":[{"taxonomy":"category","embeddable":true,"href":"https:\/\/www.fibernowogrod.pl\/index.php\/wp-json\/wp\/v2\/categories?post=3869"},{"taxonomy":"post_tag","embeddable":true,"href":"https:\/\/www.fibernowogrod.pl\/index.php\/wp-json\/wp\/v2\/tags?post=3869"}],"curies":[{"name":"wp","href":"https:\/\/api.w.org\/{rel}","templated":true}]}}